{"id":9124,"date":"2026-01-07T17:11:26","date_gmt":"2026-01-07T21:11:26","guid":{"rendered":"https:\/\/www.rr.senac.br\/portalsenac\/?p=9124"},"modified":"2026-01-07T17:11:26","modified_gmt":"2026-01-07T21:11:26","slug":"retorno-das-atividades-lancamento-da-nova-programacao-de-cursos-do-senac-roraima-inclui-titulos-com-valor-promocional","status":"publish","type":"post","link":"https:\/\/www.rr.senac.br\/portalsenac\/retorno-das-atividades-lancamento-da-nova-programacao-de-cursos-do-senac-roraima-inclui-titulos-com-valor-promocional\/","title":{"rendered":"Retorno das atividades: lan\u00e7amento da nova programa\u00e7\u00e3o de cursos do Senac Roraima inclui t\u00edtulos com valor promocional"},"content":{"rendered":"\n<figure class=\"wp-block-image size-large\"><img data-recalc-dims=\"1\" fetchpriority=\"high\" decoding=\"async\" width=\"750\" height=\"503\" src=\"https:\/\/i0.wp.com\/www.rr.senac.br\/portalsenac\/wp-content\/uploads\/2026\/01\/cursos_promocionais_2026_senac_rr.jpeg?resize=750%2C503&#038;ssl=1\" alt=\"\" class=\"wp-image-9125\" srcset=\"https:\/\/i0.wp.com\/www.rr.senac.br\/portalsenac\/wp-content\/uploads\/2026\/01\/cursos_promocionais_2026_senac_rr.jpeg?resize=1024%2C687&amp;ssl=1 1024w, https:\/\/i0.wp.com\/www.rr.senac.br\/portalsenac\/wp-content\/uploads\/2026\/01\/cursos_promocionais_2026_senac_rr.jpeg?resize=300%2C201&amp;ssl=1 300w, https:\/\/i0.wp.com\/www.rr.senac.br\/portalsenac\/wp-content\/uploads\/2026\/01\/cursos_promocionais_2026_senac_rr.jpeg?resize=768%2C515&amp;ssl=1 768w, https:\/\/i0.wp.com\/www.rr.senac.br\/portalsenac\/wp-content\/uploads\/2026\/01\/cursos_promocionais_2026_senac_rr.jpeg?resize=1536%2C1030&amp;ssl=1 1536w, https:\/\/i0.wp.com\/www.rr.senac.br\/portalsenac\/wp-content\/uploads\/2026\/01\/cursos_promocionais_2026_senac_rr.jpeg?resize=1568%2C1052&amp;ssl=1 1568w, https:\/\/i0.wp.com\/www.rr.senac.br\/portalsenac\/wp-content\/uploads\/2026\/01\/cursos_promocionais_2026_senac_rr.jpeg?w=1600&amp;ssl=1 1600w\" sizes=\"(max-width: 750px) 100vw, 750px\" \/><figcaption class=\"wp-element-caption\"><em>A meta de impulsionar a carreira em 2026 pode come\u00e7ar no Senac com cursos a partir de R$ 100<\/em><\/figcaption><\/figure>\n\n\n\n<p><strong>Estamos de volta!<\/strong> O Servi\u00e7o Nacional de Aprendizagem Comercial (Senac-RR) marcou na \u00faltima segunda-feira, dia 05, o in\u00edcio oficial das atividades em 2026. Com o retorno, as unidades da institui\u00e7\u00e3o em Boa Vista, bem como nos munic\u00edpios do interior de Roraima, retomam parcialmente os atendimentos presenciais. A previs\u00e3o \u00e9 que os atendimentos sejam normalizados, gradualmente, ao longo do m\u00eas de janeiro. O cronograma completo de funcionamento das unidades pode ser conferido nas redes sociais (@senacrr). \u00a0<\/p>\n\n\n\n<div style=\"height:0px\" aria-hidden=\"true\" class=\"wp-block-spacer\"><\/div>\n\n\n\n<p><strong>Novidades na programa\u00e7\u00e3o de cursos<\/strong><\/p>\n\n\n\n<p>No embalo das resolu\u00e7\u00f5es de ano novo, o Senac Roraima disponibilizou em seu site uma variedade de capacita\u00e7\u00f5es e cursos que podem ajudar a tirar os objetivos do papel; em destaque est\u00e3o os t\u00edtulos com valor promocional que fazem parte da campanha \u201cT\u00f4 Pronto Com o Senac\u201d. Ao todo, s\u00e3o 12 cursos de aperfei\u00e7oamento profissional com valor de investimento promocional de R$ 100. A campanha contempla as \u00e1reas de gastronomia, beleza, est\u00e9tica, sa\u00fade e com\u00e9rcio.<\/p>\n\n\n\n<div style=\"height:3px\" aria-hidden=\"true\" class=\"wp-block-spacer\"><\/div>\n\n\n\n<p>O ano est\u00e1 apenas come\u00e7ando, mas \u00e9 melhor correr: as matr\u00edculas j\u00e1 est\u00e3o abertas, e para aproveitar a promo\u00e7\u00e3o, os interessados devem garantir sua vaga no site da institui\u00e7\u00e3o (<a href=\"https:\/\/cursos.rr.senac.br\/\">cursos.rr.senac.br<\/a>), ou diretamente em uma das centrais de atendimento do Senac em Boa Vista \u2013 RR.<\/p>\n\n\n\n<div style=\"height:1px\" aria-hidden=\"true\" class=\"wp-block-spacer\"><\/div>\n\n\n\n<details class=\"wp-block-details is-layout-flow wp-block-details-is-layout-flow\"><summary><strong>Confira a lista de cursos promocionais<\/strong><\/summary>\n<p>&#8211; Automaquiagem;<\/p>\n\n\n\n<p>&#8211; Escovista Iniciante;<\/p>\n\n\n\n<p>&#8211; Banho de lua;<\/p>\n\n\n\n<p>&#8211; <em>Dermaplaning<\/em>;<\/p>\n\n\n\n<p>&#8211; Bordado \u00e0 m\u00e3o;<\/p>\n\n\n\n<p>&#8211; <em>Spa <\/em>de m\u00e3os e p\u00e9s;<\/p>\n\n\n\n<p>&#8211; Siscomex \u2013 Registro, acompanhamento e controle;<\/p>\n\n\n\n<p>&#8211; Ventosaterapia;<\/p>\n\n\n\n<p>&#8211; Pun\u00e7\u00e3o venosa e soroterapia;<\/p>\n\n\n\n<p>&#8211; T\u00e9cnicas de aplica\u00e7\u00e3o de medicamentos;<\/p>\n\n\n\n<p>&#8211; Controle em qualidade em laborat\u00f3rio cl\u00ednico;<\/p>\n\n\n\n<p>&#8211; Vinhos: tipos e caracter\u00edsticas sensoriais.<\/p>\n<\/details>\n\n\n\n<div style=\"height:0px\" aria-hidden=\"true\" class=\"wp-block-spacer\"><\/div>\n\n\n\n<p>Al\u00e9m dos cursos promocionais, o Senac Roraima lan\u00e7ou a programa\u00e7\u00e3o educacional para o primeiro semestre do ano com cursos t\u00e9cnicos e profissionalizantes. Os cursos s\u00e3o ofertados de forma comercial. Mais informa\u00e7\u00f5es podem ser consultadas no site, ou diretamente com a Central de Atendimento do Senac, via WhatsApp: (95) 98420-9992.<\/p>\n\n\n\n<div style=\"height:3px\" aria-hidden=\"true\" class=\"wp-block-spacer\"><\/div>\n\n\n\n<p>Por Liana Lima, analista t\u00e9c. de comunica\u00e7\u00e3o do Senac\/RR. <\/p>\n\n\n\n<div style=\"height:0px\" aria-hidden=\"true\" class=\"wp-block-spacer\"><\/div>\n","protected":false},"excerpt":{"rendered":"<p>Estamos de volta! O Servi\u00e7o Nacional de Aprendizagem Comercial (Senac-RR) marcou na \u00faltima segunda-feira, dia 05, o in\u00edcio oficial das atividades em 2026. Com o retorno, as unidades da institui\u00e7\u00e3o em Boa Vista, bem como nos munic\u00edpios do interior de Roraima, retomam parcialmente os atendimentos&hellip; <a class=\"more-link\" href=\"https:\/\/www.rr.senac.br\/portalsenac\/retorno-das-atividades-lancamento-da-nova-programacao-de-cursos-do-senac-roraima-inclui-titulos-com-valor-promocional\/\">Continuar lendo <span class=\"screen-reader-text\">Retorno das atividades: lan\u00e7amento da nova programa\u00e7\u00e3o de cursos do Senac Roraima inclui t\u00edtulos com valor promocional<\/span><\/a><\/p>\n","protected":false},"author":7,"featured_media":9125,"comment_status":"closed","ping_status":"closed","sticky":false,"template":"","format":"standard","meta":{"_jetpack_memberships_contains_paid_content":false,"_joinchat":[],"footnotes":""},"categories":[12],"tags":[65,135,134,56,54],"class_list":["post-9124","post","type-post","status-publish","format-standard","has-post-thumbnail","hentry","category-ultimas-noticias","tag-beleza","tag-comercial","tag-cursos-promocionais","tag-gastronomia","tag-saude","entry"],"jetpack_featured_media_url":"https:\/\/i0.wp.com\/www.rr.senac.br\/portalsenac\/wp-content\/uploads\/2026\/01\/cursos_promocionais_2026_senac_rr.jpeg?fit=1600%2C1073&ssl=1","jetpack_sharing_enabled":true,"_links":{"self":[{"href":"https:\/\/www.rr.senac.br\/portalsenac\/wp-json\/wp\/v2\/posts\/9124","targetHints":{"allow":["GET"]}}],"collection":[{"href":"https:\/\/www.rr.senac.br\/portalsenac\/wp-json\/wp\/v2\/posts"}],"about":[{"href":"https:\/\/www.rr.senac.br\/portalsenac\/wp-json\/wp\/v2\/types\/post"}],"author":[{"embeddable":true,"href":"https:\/\/www.rr.senac.br\/portalsenac\/wp-json\/wp\/v2\/users\/7"}],"replies":[{"embeddable":true,"href":"https:\/\/www.rr.senac.br\/portalsenac\/wp-json\/wp\/v2\/comments?post=9124"}],"version-history":[{"count":1,"href":"https:\/\/www.rr.senac.br\/portalsenac\/wp-json\/wp\/v2\/posts\/9124\/revisions"}],"predecessor-version":[{"id":9126,"href":"https:\/\/www.rr.senac.br\/portalsenac\/wp-json\/wp\/v2\/posts\/9124\/revisions\/9126"}],"wp:featuredmedia":[{"embeddable":true,"href":"https:\/\/www.rr.senac.br\/portalsenac\/wp-json\/wp\/v2\/media\/9125"}],"wp:attachment":[{"href":"https:\/\/www.rr.senac.br\/portalsenac\/wp-json\/wp\/v2\/media?parent=9124"}],"wp:term":[{"taxonomy":"category","embeddable":true,"href":"https:\/\/www.rr.senac.br\/portalsenac\/wp-json\/wp\/v2\/categories?post=9124"},{"taxonomy":"post_tag","embeddable":true,"href":"https:\/\/www.rr.senac.br\/portalsenac\/wp-json\/wp\/v2\/tags?post=9124"}],"curies":[{"name":"wp","href":"https:\/\/api.w.org\/{rel}","templated":true}]}}