{"id":9132,"date":"2026-01-19T15:49:14","date_gmt":"2026-01-19T19:49:14","guid":{"rendered":"https:\/\/www.rr.senac.br\/portalsenac\/?p=9132"},"modified":"2026-01-21T09:51:25","modified_gmt":"2026-01-21T13:51:25","slug":"programa-de-gratuidade-do-senac-em-roraima-disponibiliza-603-novas-vagas-de-cursos-e-capacitacoes-gratis-para-a-capital","status":"publish","type":"post","link":"https:\/\/www.rr.senac.br\/portalsenac\/programa-de-gratuidade-do-senac-em-roraima-disponibiliza-603-novas-vagas-de-cursos-e-capacitacoes-gratis-para-a-capital\/","title":{"rendered":"Programa de Gratuidade do Senac em Roraima disponibiliza 603 novas vagas de cursos e capacita\u00e7\u00f5es gr\u00e1tis para a capital"},"content":{"rendered":"\n<figure class=\"wp-block-image size-large\"><img data-recalc-dims=\"1\" fetchpriority=\"high\" decoding=\"async\" width=\"750\" height=\"500\" src=\"https:\/\/i0.wp.com\/www.rr.senac.br\/portalsenac\/wp-content\/uploads\/2026\/01\/senac_roraima_cursos_gratis_2026.jpeg?resize=750%2C500&#038;ssl=1\" alt=\"\" class=\"wp-image-9133\" srcset=\"https:\/\/i0.wp.com\/www.rr.senac.br\/portalsenac\/wp-content\/uploads\/2026\/01\/senac_roraima_cursos_gratis_2026.jpeg?resize=1024%2C682&amp;ssl=1 1024w, https:\/\/i0.wp.com\/www.rr.senac.br\/portalsenac\/wp-content\/uploads\/2026\/01\/senac_roraima_cursos_gratis_2026.jpeg?resize=300%2C200&amp;ssl=1 300w, https:\/\/i0.wp.com\/www.rr.senac.br\/portalsenac\/wp-content\/uploads\/2026\/01\/senac_roraima_cursos_gratis_2026.jpeg?resize=768%2C512&amp;ssl=1 768w, https:\/\/i0.wp.com\/www.rr.senac.br\/portalsenac\/wp-content\/uploads\/2026\/01\/senac_roraima_cursos_gratis_2026.jpeg?resize=1536%2C1023&amp;ssl=1 1536w, https:\/\/i0.wp.com\/www.rr.senac.br\/portalsenac\/wp-content\/uploads\/2026\/01\/senac_roraima_cursos_gratis_2026.jpeg?resize=1568%2C1045&amp;ssl=1 1568w, https:\/\/i0.wp.com\/www.rr.senac.br\/portalsenac\/wp-content\/uploads\/2026\/01\/senac_roraima_cursos_gratis_2026.jpeg?w=1600&amp;ssl=1 1600w\" sizes=\"(max-width: 750px) 100vw, 750px\" \/><figcaption class=\"wp-element-caption\"><em>Edital inclui cursos t\u00e9cnicos; aulas est\u00e3o previstas para acontecer nos bairros S\u00e3o Francisco e Asa Branca<\/em><\/figcaption><\/figure>\n\n\n\n<p>O primeiro edital PSG do ano est\u00e1 liberado e interessados j\u00e1 podem escolher em qual \u00e1rea desejam se capacitar em 2026: gastronomia, eventos, sa\u00fade, beleza, gest\u00e3o e idiomas. Conforme informa\u00e7\u00f5es divulgadas no site do Servi\u00e7o Nacional de Aprendizagem Comercial \u2013 Senac\/RR, as inscri\u00e7\u00f5es <em><a href=\"https:\/\/app.rr.senac.br\/send3\/site\/psg\/curso_selecao\/20\">online<\/a><\/em> para os cursos 100% gr\u00e1tis iniciam nesta ter\u00e7a-feira, 20, \u00e0s 8h30. As inscri\u00e7\u00f5es duram enquanto houver vagas.<\/p>\n\n\n\n<div style=\"height:5px\" aria-hidden=\"true\" class=\"wp-block-spacer\"><\/div>\n\n\n\n<p><a href=\"https:\/\/app.rr.senac.br\/send3\/resources\/upload\/edital\/b98bb5e073a7fdfc3fdf50182a2ac2f5.pdf\">CONFIRA O EDITAL NA \u00cdNTEGRA<\/a><\/p>\n\n\n\n<div style=\"height:3px\" aria-hidden=\"true\" class=\"wp-block-spacer\"><\/div>\n\n\n\n<p>Neste edital, o Programa Senac de Gratuidade contempla Boa Vista (RR), com cursos de cargas hor\u00e1rias entre 80h e 1000h; as modalidades incluem cursos profissionalizantes e t\u00e9cnicos, dispon\u00edveis para candidatos a partir de 15 anos. Demais requisitos espec\u00edficos, como escolaridade e documenta\u00e7\u00f5es necess\u00e1rias, devem ser consultados diretamente no edital. O documento disp\u00f5e informa\u00e7\u00f5es de locais e datas para a entrega presencial da documenta\u00e7\u00e3o de matr\u00edcula, etapa obrigat\u00f3ria para garantir a vaga desejada.<\/p>\n\n\n\n<div style=\"height:0px\" aria-hidden=\"true\" class=\"wp-block-spacer\"><\/div>\n\n\n\n<p>Ao todo s\u00e3o ofertadas 603 vagas, destinadas a candidatos em situa\u00e7\u00e3o de baixa renda, com renda fam\u00edlia <em>per capita<\/em> de at\u00e9 dois sal\u00e1rios m\u00ednimos federais. As aulas est\u00e3o previstas para iniciar em fevereiro, e devem tomar lugar nas tr\u00eas unidades educacionais do Senac na capital, localizadas nos bairros S\u00e3o Francisco e Asa Branca.<\/p>\n\n\n\n<div style=\"height:0px\" aria-hidden=\"true\" class=\"wp-block-spacer\"><\/div>\n\n\n\n<p>Interessados podem tirar todas as suas d\u00favidas atrav\u00e9s do edital, dispon\u00edvel no site, ou diretamente com a Central de Atendimento do Senac no WhatsApp: (95) 98420-9992. A programa\u00e7\u00e3o completa de cursos, e as novidades da institui\u00e7\u00e3o, s\u00e3o divulgadas atrav\u00e9s das redes sociais: @senacrr.<\/p>\n\n\n\n<div style=\"height:0px\" aria-hidden=\"true\" class=\"wp-block-spacer\"><\/div>\n\n\n\n<details class=\"wp-block-details is-layout-flow wp-block-details-is-layout-flow\"><summary><strong>Confira a lista de t\u00edtulos dispon\u00edveis<\/strong><\/summary>\n<p><strong><em>Senac Asa Branca<\/em><\/strong><\/p>\n\n\n\n<p>Confeiteiro \u2013 16 vagas<\/p>\n\n\n\n<p>Panifica\u00e7\u00e3o: t\u00e9cnicas e bases \u2013 16 vagas<\/p>\n\n\n\n<p>Cabeleireiro Assistente (manh\u00e3) \u2013 15 vagas<\/p>\n\n\n\n<p>Cabeleireiro Assistente (tarde) \u2013 15 vagas<\/p>\n\n\n\n<p>T\u00e9cnico em Recursos Humanos \u2013 30 vagas<\/p>\n\n\n\n<p>T\u00e9cnico em Administra\u00e7\u00e3o \u2013 30 vagas<\/p>\n\n\n\n<p>T\u00e9cnico em Secretariado \u2013 30 vagas<\/p>\n\n\n\n<p>Assistente de Recursos Humanos \u2013 30 vagas<\/p>\n\n\n\n<p>Assistente de Servi\u00e7os em Com\u00e9rcio Exterior \u2013 25 vagas<\/p>\n\n\n\n<p>Almoxarife \u2013 20 vagas<\/p>\n\n\n\n<p><strong><em>Senac Idiomas<\/em><\/strong><\/p>\n\n\n\n<p>L\u00edngua Brasileira de Sinais \u2013 Libras B\u00e1sico (tarde) \u2013 15 vagas<\/p>\n\n\n\n<p>L\u00edngua Brasileira de Sinais \u2013 Libras B\u00e1sico (tarde) \u2013 15 vagas<\/p>\n\n\n\n<p><strong><em>Senac S\u00e3o Francisco<\/em><\/strong><\/p>\n\n\n\n<p>Auxiliar de Cozinha \u2013 16 vagas<\/p>\n\n\n\n<p>Panifica\u00e7\u00e3o: T\u00e9cnicas e Bases \u2013 16 vagas<\/p>\n\n\n\n<p>Auxiliar de Padeiro \u2013 16 vagas<\/p>\n\n\n\n<p>Cozinheiro \u2013 16 vagas<\/p>\n\n\n\n<p>Bartender \u2013 16 vagas<\/p>\n\n\n\n<p>Gar\u00e7om \u2013 16 vagas<\/p>\n\n\n\n<p>Festas e Eventos Tem\u00e1ticos: T\u00e9cnicas para Realiza\u00e7\u00e3o \u2013 20 vagas<\/p>\n\n\n\n<p>T\u00e9cnico em Guia de Turismo \u2013 20 vagas<\/p>\n\n\n\n<p>Socorrista \u2013 20 vagas<\/p>\n\n\n\n<p>Atendente de Farm\u00e1cia \u2013 20 vagas<\/p>\n\n\n\n<p>Imunologia aplicada \u2013 20 vagas<\/p>\n\n\n\n<p>Agente Comunit\u00e1rio de Sa\u00fade \u2013 20 vagas<\/p>\n\n\n\n<p>Maqueiro \u2013 20 vagas<\/p>\n\n\n\n<p>T\u00e9cnico em Manuten\u00e7\u00e3o e Suporte em Inform\u00e1tica \u2013 20 vagas<\/p>\n\n\n\n<p>Montador e Reparador de Computador \u2013 20 vagas<\/p>\n\n\n\n<p>Operador de Caixa \u2013 20 vagas<\/p>\n\n\n\n<p>Assistente Administrativo \u2013 20 vagas<\/p>\n\n\n\n<p>Assistente de Contabilidade \u2013 20 vagas<\/p>\n<\/details>\n\n\n\n<div style=\"height:2px\" aria-hidden=\"true\" class=\"wp-block-spacer\"><\/div>\n\n\n\n<p>Por Liana Lima, analista t\u00e9c. de comunica\u00e7\u00e3o do Senac-RR.<\/p>\n\n\n\n<div style=\"height:0px\" aria-hidden=\"true\" class=\"wp-block-spacer\"><\/div>\n\n\n\n<p><\/p>\n","protected":false},"excerpt":{"rendered":"<p>O primeiro edital PSG do ano est\u00e1 liberado e interessados j\u00e1 podem escolher em qual \u00e1rea desejam se capacitar em 2026: gastronomia, eventos, sa\u00fade, beleza, gest\u00e3o e idiomas. Conforme informa\u00e7\u00f5es divulgadas no site do Servi\u00e7o Nacional de Aprendizagem Comercial \u2013 Senac\/RR, as inscri\u00e7\u00f5es online para&hellip; <a class=\"more-link\" href=\"https:\/\/www.rr.senac.br\/portalsenac\/programa-de-gratuidade-do-senac-em-roraima-disponibiliza-603-novas-vagas-de-cursos-e-capacitacoes-gratis-para-a-capital\/\">Continuar lendo <span class=\"screen-reader-text\">Programa de Gratuidade do Senac em Roraima disponibiliza 603 novas vagas de cursos e capacita\u00e7\u00f5es gr\u00e1tis para a capital<\/span><\/a><\/p>\n","protected":false},"author":7,"featured_media":9133,"comment_status":"closed","ping_status":"closed","sticky":false,"template":"","format":"standard","meta":{"_jetpack_memberships_contains_paid_content":false,"_joinchat":[],"footnotes":""},"categories":[12],"tags":[65,46,63,56,89,54],"class_list":["post-9132","post","type-post","status-publish","format-standard","has-post-thumbnail","hentry","category-ultimas-noticias","tag-beleza","tag-cursos-gratuitos","tag-eventos","tag-gastronomia","tag-psg","tag-saude","entry"],"jetpack_featured_media_url":"https:\/\/i0.wp.com\/www.rr.senac.br\/portalsenac\/wp-content\/uploads\/2026\/01\/senac_roraima_cursos_gratis_2026.jpeg?fit=1600%2C1066&ssl=1","jetpack_sharing_enabled":true,"_links":{"self":[{"href":"https:\/\/www.rr.senac.br\/portalsenac\/wp-json\/wp\/v2\/posts\/9132","targetHints":{"allow":["GET"]}}],"collection":[{"href":"https:\/\/www.rr.senac.br\/portalsenac\/wp-json\/wp\/v2\/posts"}],"about":[{"href":"https:\/\/www.rr.senac.br\/portalsenac\/wp-json\/wp\/v2\/types\/post"}],"author":[{"embeddable":true,"href":"https:\/\/www.rr.senac.br\/portalsenac\/wp-json\/wp\/v2\/users\/7"}],"replies":[{"embeddable":true,"href":"https:\/\/www.rr.senac.br\/portalsenac\/wp-json\/wp\/v2\/comments?post=9132"}],"version-history":[{"count":2,"href":"https:\/\/www.rr.senac.br\/portalsenac\/wp-json\/wp\/v2\/posts\/9132\/revisions"}],"predecessor-version":[{"id":9135,"href":"https:\/\/www.rr.senac.br\/portalsenac\/wp-json\/wp\/v2\/posts\/9132\/revisions\/9135"}],"wp:featuredmedia":[{"embeddable":true,"href":"https:\/\/www.rr.senac.br\/portalsenac\/wp-json\/wp\/v2\/media\/9133"}],"wp:attachment":[{"href":"https:\/\/www.rr.senac.br\/portalsenac\/wp-json\/wp\/v2\/media?parent=9132"}],"wp:term":[{"taxonomy":"category","embeddable":true,"href":"https:\/\/www.rr.senac.br\/portalsenac\/wp-json\/wp\/v2\/categories?post=9132"},{"taxonomy":"post_tag","embeddable":true,"href":"https:\/\/www.rr.senac.br\/portalsenac\/wp-json\/wp\/v2\/tags?post=9132"}],"curies":[{"name":"wp","href":"https:\/\/api.w.org\/{rel}","templated":true}]}}