{"id":9136,"date":"2026-01-21T14:23:29","date_gmt":"2026-01-21T18:23:29","guid":{"rendered":"https:\/\/www.rr.senac.br\/portalsenac\/?p=9136"},"modified":"2026-01-21T14:23:29","modified_gmt":"2026-01-21T18:23:29","slug":"municipio-de-sao-luiz-do-anaua-rr-e-contemplado-com-112-vagas-do-programa-senac-de-gratuidade","status":"publish","type":"post","link":"https:\/\/www.rr.senac.br\/portalsenac\/municipio-de-sao-luiz-do-anaua-rr-e-contemplado-com-112-vagas-do-programa-senac-de-gratuidade\/","title":{"rendered":"Munic\u00edpio de S\u00e3o Luiz do Anau\u00e1 (RR) \u00e9 contemplado com 112 vagas do Programa Senac de Gratuidade"},"content":{"rendered":"\n<figure class=\"wp-block-image size-large\"><img data-recalc-dims=\"1\" fetchpriority=\"high\" decoding=\"async\" width=\"750\" height=\"500\" src=\"https:\/\/i0.wp.com\/www.rr.senac.br\/portalsenac\/wp-content\/uploads\/2025\/08\/cursos_gratis_senac-roraima_interiores.jpeg?resize=750%2C500&#038;ssl=1\" alt=\"\" class=\"wp-image-8835\" srcset=\"https:\/\/i0.wp.com\/www.rr.senac.br\/portalsenac\/wp-content\/uploads\/2025\/08\/cursos_gratis_senac-roraima_interiores.jpeg?resize=1024%2C683&amp;ssl=1 1024w, https:\/\/i0.wp.com\/www.rr.senac.br\/portalsenac\/wp-content\/uploads\/2025\/08\/cursos_gratis_senac-roraima_interiores.jpeg?resize=300%2C200&amp;ssl=1 300w, https:\/\/i0.wp.com\/www.rr.senac.br\/portalsenac\/wp-content\/uploads\/2025\/08\/cursos_gratis_senac-roraima_interiores.jpeg?resize=768%2C512&amp;ssl=1 768w, https:\/\/i0.wp.com\/www.rr.senac.br\/portalsenac\/wp-content\/uploads\/2025\/08\/cursos_gratis_senac-roraima_interiores.jpeg?w=1500&amp;ssl=1 1500w\" sizes=\"(max-width: 750px) 100vw, 750px\" \/><figcaption class=\"wp-element-caption\"><em>Inscri\u00e7\u00f5es online iniciam dia 22, quinta-feira<\/em><\/figcaption><\/figure>\n\n\n\n<p>Em novo edital do Programa Senac de Gratuidade, disponibilizado neste dia 21, quarta-feira, o Servi\u00e7o Nacional de Aprendizagem Comercial &#8211; Senac\/RR divulga a oferta de 112 novas vagas para cursos gr\u00e1tis no munic\u00edpio de S\u00e3o Luiz do Anau\u00e1 (RR), localizado no sul do estado. Para participar desta oportunidade imperd\u00edvel de capacita\u00e7\u00e3o gratuita, os interessados devem realizar a inscri\u00e7\u00e3o <em><a href=\"https:\/\/app.rr.senac.br\/send3\/site\/psg\/curso_selecao\/770548869\">online<\/a>, <\/em>a partir das 8h30 desta quinta-feira, 22.<\/p>\n\n\n\n<div style=\"height:0px\" aria-hidden=\"true\" class=\"wp-block-spacer\"><\/div>\n\n\n\n<p>Podem se inscrever candidatos que se encontrem em situa\u00e7\u00e3o de baixa renda, trabalhadores desempregados, ou egressos da educa\u00e7\u00e3o p\u00fablica. Os cursos possuem tamb\u00e9m requisitos espec\u00edficos como escolaridade e idade m\u00ednima. Os cursos ofertados ser\u00e3o realizados na Unidade Norm\u00e9lia Mafra, onde os inscritos tamb\u00e9m devem entregar a documenta\u00e7\u00e3o exigida em edital para validar a matr\u00edcula.<\/p>\n\n\n\n<div style=\"height:0px\" aria-hidden=\"true\" class=\"wp-block-spacer\"><\/div>\n\n\n\n<p><a href=\"https:\/\/app.rr.senac.br\/send3\/resources\/upload\/edital\/7143288cf1f7f0fb6a9b8509c3f9c330.pdf\">ACESSE O EDITAL COMPLETO<\/a><\/p>\n\n\n\n<div style=\"height:1px\" aria-hidden=\"true\" class=\"wp-block-spacer\"><\/div>\n\n\n\n<p>Os t\u00edtulos ofertados contemplam diferentes segmentos de ensino, com cargas hor\u00e1rias de 160h a 400h. As vagas est\u00e3o distribu\u00eddas entre os cursos de Auxiliar de Cozinha, Auxiliar de Padeiro, Socorrista, Agente Comunit\u00e1rio de Sa\u00fade, Inform\u00e1tica B\u00e1sica e Avan\u00e7ada (tarde) e Inform\u00e1tica B\u00e1sica e Avan\u00e7ada (noite). O in\u00edcio das aulas est\u00e1 previsto para a primeira semana de fevereiro.<\/p>\n\n\n\n<div style=\"height:0px\" aria-hidden=\"true\" class=\"wp-block-spacer\"><\/div>\n\n\n\n<p>As informa\u00e7\u00f5es completas sobre as etapas de inscri\u00e7\u00e3o, valida\u00e7\u00e3o das matr\u00edculas, cronograma e locais, est\u00e3o dispon\u00edveis no edital. D\u00favidas podem ser esclarecidas diretamente no WhatsApp da Central de Atendimento: (95) 98420-9992.<\/p>\n\n\n\n<div style=\"height:2px\" aria-hidden=\"true\" class=\"wp-block-spacer\"><\/div>\n\n\n\n<p>Por Liana Lima, analista t\u00e9c. de comunica\u00e7\u00e3o do Senac\/RR.<\/p>\n\n\n\n<div style=\"height:0px\" aria-hidden=\"true\" class=\"wp-block-spacer\"><\/div>\n","protected":false},"excerpt":{"rendered":"<p>Em novo edital do Programa Senac de Gratuidade, disponibilizado neste dia 21, quarta-feira, o Servi\u00e7o Nacional de Aprendizagem Comercial &#8211; Senac\/RR divulga a oferta de 112 novas vagas para cursos gr\u00e1tis no munic\u00edpio de S\u00e3o Luiz do Anau\u00e1 (RR), localizado no sul do estado. Para&hellip; <a class=\"more-link\" href=\"https:\/\/www.rr.senac.br\/portalsenac\/municipio-de-sao-luiz-do-anaua-rr-e-contemplado-com-112-vagas-do-programa-senac-de-gratuidade\/\">Continuar lendo <span class=\"screen-reader-text\">Munic\u00edpio de S\u00e3o Luiz do Anau\u00e1 (RR) \u00e9 contemplado com 112 vagas do Programa Senac de Gratuidade<\/span><\/a><\/p>\n","protected":false},"author":7,"featured_media":8835,"comment_status":"closed","ping_status":"closed","sticky":false,"template":"","format":"standard","meta":{"_jetpack_memberships_contains_paid_content":false,"_joinchat":[],"footnotes":""},"categories":[12],"tags":[46,56,118,54],"class_list":["post-9136","post","type-post","status-publish","format-standard","has-post-thumbnail","hentry","category-ultimas-noticias","tag-cursos-gratuitos","tag-gastronomia","tag-informatica","tag-saude","entry"],"jetpack_featured_media_url":"https:\/\/i0.wp.com\/www.rr.senac.br\/portalsenac\/wp-content\/uploads\/2025\/08\/cursos_gratis_senac-roraima_interiores.jpeg?fit=1500%2C1000&ssl=1","jetpack_sharing_enabled":true,"_links":{"self":[{"href":"https:\/\/www.rr.senac.br\/portalsenac\/wp-json\/wp\/v2\/posts\/9136","targetHints":{"allow":["GET"]}}],"collection":[{"href":"https:\/\/www.rr.senac.br\/portalsenac\/wp-json\/wp\/v2\/posts"}],"about":[{"href":"https:\/\/www.rr.senac.br\/portalsenac\/wp-json\/wp\/v2\/types\/post"}],"author":[{"embeddable":true,"href":"https:\/\/www.rr.senac.br\/portalsenac\/wp-json\/wp\/v2\/users\/7"}],"replies":[{"embeddable":true,"href":"https:\/\/www.rr.senac.br\/portalsenac\/wp-json\/wp\/v2\/comments?post=9136"}],"version-history":[{"count":1,"href":"https:\/\/www.rr.senac.br\/portalsenac\/wp-json\/wp\/v2\/posts\/9136\/revisions"}],"predecessor-version":[{"id":9137,"href":"https:\/\/www.rr.senac.br\/portalsenac\/wp-json\/wp\/v2\/posts\/9136\/revisions\/9137"}],"wp:featuredmedia":[{"embeddable":true,"href":"https:\/\/www.rr.senac.br\/portalsenac\/wp-json\/wp\/v2\/media\/8835"}],"wp:attachment":[{"href":"https:\/\/www.rr.senac.br\/portalsenac\/wp-json\/wp\/v2\/media?parent=9136"}],"wp:term":[{"taxonomy":"category","embeddable":true,"href":"https:\/\/www.rr.senac.br\/portalsenac\/wp-json\/wp\/v2\/categories?post=9136"},{"taxonomy":"post_tag","embeddable":true,"href":"https:\/\/www.rr.senac.br\/portalsenac\/wp-json\/wp\/v2\/tags?post=9136"}],"curies":[{"name":"wp","href":"https:\/\/api.w.org\/{rel}","templated":true}]}}