{"id":9139,"date":"2026-01-29T10:56:31","date_gmt":"2026-01-29T14:56:31","guid":{"rendered":"https:\/\/www.rr.senac.br\/portalsenac\/?p=9139"},"modified":"2026-01-29T10:56:31","modified_gmt":"2026-01-29T14:56:31","slug":"senac-roraima-oferta-turmas-gratuitas-de-informatica-em-caracarai-rr","status":"publish","type":"post","link":"https:\/\/www.rr.senac.br\/portalsenac\/senac-roraima-oferta-turmas-gratuitas-de-informatica-em-caracarai-rr\/","title":{"rendered":"Senac Roraima oferta turmas gratuitas de inform\u00e1tica  em Caracara\u00ed (RR)"},"content":{"rendered":"\n<figure class=\"wp-block-image size-large\"><img data-recalc-dims=\"1\" fetchpriority=\"high\" decoding=\"async\" width=\"750\" height=\"500\" src=\"https:\/\/i0.wp.com\/www.rr.senac.br\/portalsenac\/wp-content\/uploads\/2026\/01\/informatica_interior_senacrr.jpeg?resize=750%2C500&#038;ssl=1\" alt=\"\" class=\"wp-image-9140\" srcset=\"https:\/\/i0.wp.com\/www.rr.senac.br\/portalsenac\/wp-content\/uploads\/2026\/01\/informatica_interior_senacrr.jpeg?resize=1024%2C682&amp;ssl=1 1024w, https:\/\/i0.wp.com\/www.rr.senac.br\/portalsenac\/wp-content\/uploads\/2026\/01\/informatica_interior_senacrr.jpeg?resize=300%2C200&amp;ssl=1 300w, https:\/\/i0.wp.com\/www.rr.senac.br\/portalsenac\/wp-content\/uploads\/2026\/01\/informatica_interior_senacrr.jpeg?resize=768%2C512&amp;ssl=1 768w, https:\/\/i0.wp.com\/www.rr.senac.br\/portalsenac\/wp-content\/uploads\/2026\/01\/informatica_interior_senacrr.jpeg?resize=1536%2C1023&amp;ssl=1 1536w, https:\/\/i0.wp.com\/www.rr.senac.br\/portalsenac\/wp-content\/uploads\/2026\/01\/informatica_interior_senacrr.jpeg?resize=1568%2C1045&amp;ssl=1 1568w, https:\/\/i0.wp.com\/www.rr.senac.br\/portalsenac\/wp-content\/uploads\/2026\/01\/informatica_interior_senacrr.jpeg?w=1600&amp;ssl=1 1600w\" sizes=\"(max-width: 750px) 100vw, 750px\" \/><figcaption class=\"wp-element-caption\"><em>S\u00e3o 40 vagas, inscri\u00e7\u00f5es iniciam ter\u00e7a-feira (03)<\/em><\/figcaption><\/figure>\n\n\n\n<p>O Servi\u00e7o Nacional de Aprendizagem Comercial (Senac-RR) lan\u00e7ou nesta quinta-feira, 29, o mais novo edital do Programa Senac de Gratuidade (PSG) com 40 vagas em turmas de inform\u00e1tica para o munic\u00edpio de Caracara\u00ed. As inscri\u00e7\u00f5es devem ser realizadas presencialmente na Carreta de Gest\u00e3o e Inform\u00e1tica, a unidade m\u00f3vel de educa\u00e7\u00e3o da institui\u00e7\u00e3o, exclusivamente neste dia 03, ter\u00e7a-feira, das 9h30 \u00e0s 14h. A matr\u00edcula ser\u00e1 validada mediante apresenta\u00e7\u00e3o da documenta\u00e7\u00e3o exigida em edital no ato da inscri\u00e7\u00e3o.<\/p>\n\n\n\n<div style=\"height:0px\" aria-hidden=\"true\" class=\"wp-block-spacer\"><\/div>\n\n\n\n<p><a href=\"https:\/\/app.rr.senac.br\/send3\/site\/psg\/curso_selecao\/5532343\">Veja a \u00edntegra do edital<\/a><\/p>\n\n\n\n<div style=\"height:1px\" aria-hidden=\"true\" class=\"wp-block-spacer\"><\/div>\n\n\n\n<p>Para participar de uma das turmas de Inform\u00e1tica B\u00e1sica e Avan\u00e7ada os interessados devem ter idade m\u00ednima de 14 anos, al\u00e9m de cumprir as exig\u00eancias de renda do PSG, destinado a candidatos em situa\u00e7\u00e3o de baixa renda. Segundo o edital, durante o processo de inscri\u00e7\u00e3o presencial os candidatos menores de idade devem estar acompanhados de um respons\u00e1vel legal portando o CPF.<\/p>\n\n\n\n<div style=\"height:3px\" aria-hidden=\"true\" class=\"wp-block-spacer\"><\/div>\n\n\n\n<p>Os alunos aprovados ao final do curso receber\u00e3o certifica\u00e7\u00e3o com carga hor\u00e1ria de 160h. Com previs\u00e3o de in\u00edcio j\u00e1 na segunda semana de fevereiro, as aulas ser\u00e3o executadas presencialmente na unidade m\u00f3vel de educa\u00e7\u00e3o do Senac-RR, localizada na Pra\u00e7a do Centro C\u00edvico, centro de Caracara\u00ed, mesmo local onde acontecem as matr\u00edculas presenciais.<\/p>\n\n\n\n<div style=\"height:3px\" aria-hidden=\"true\" class=\"wp-block-spacer\"><\/div>\n\n\n\n<p>Maiores informa\u00e7\u00f5es est\u00e3o dispostas no edital 003\/2026, ou podem ser consultadas diretamente no WhatsApp da Central de Atendimento: (95) 98420-9992. A programa\u00e7\u00e3o completa de cursos do Senac Roraima e as novidades da institui\u00e7\u00e3o podem ser acompanhadas nas redes sociais: @senacrr.<\/p>\n\n\n\n<div style=\"height:3px\" aria-hidden=\"true\" class=\"wp-block-spacer\"><\/div>\n\n\n\n<p><a href=\"https:\/\/whatsapp.com\/channel\/0029VaDrKCt5K3zRiiJBsL2o\">Para receber not\u00edcias em primeira m\u00e3o siga o Canal do Senac-RR no WhatsApp<\/a><\/p>\n\n\n\n<div style=\"height:0px\" aria-hidden=\"true\" class=\"wp-block-spacer\"><\/div>\n\n\n\n<p>Por Liana Lima, analista t\u00e9c. de comunica\u00e7\u00e3o do Senac\/RR. <\/p>\n\n\n\n<div style=\"height:0px\" aria-hidden=\"true\" class=\"wp-block-spacer\"><\/div>\n","protected":false},"excerpt":{"rendered":"<p>O Servi\u00e7o Nacional de Aprendizagem Comercial (Senac-RR) lan\u00e7ou nesta quinta-feira, 29, o mais novo edital do Programa Senac de Gratuidade (PSG) com 40 vagas em turmas de inform\u00e1tica para o munic\u00edpio de Caracara\u00ed. As inscri\u00e7\u00f5es devem ser realizadas presencialmente na Carreta de Gest\u00e3o e Inform\u00e1tica,&hellip; <a class=\"more-link\" href=\"https:\/\/www.rr.senac.br\/portalsenac\/senac-roraima-oferta-turmas-gratuitas-de-informatica-em-caracarai-rr\/\">Continuar lendo <span class=\"screen-reader-text\">Senac Roraima oferta turmas gratuitas de inform\u00e1tica  em Caracara\u00ed (RR)<\/span><\/a><\/p>\n","protected":false},"author":7,"featured_media":9140,"comment_status":"closed","ping_status":"closed","sticky":false,"template":"","format":"standard","meta":{"_jetpack_memberships_contains_paid_content":false,"_joinchat":[],"footnotes":""},"categories":[12],"tags":[137,61,136,138],"class_list":["post-9139","post","type-post","status-publish","format-standard","has-post-thumbnail","hentry","category-ultimas-noticias","tag-educacao-itinerante","tag-gestao","tag-informatica-basica-e-avancada","tag-transformando-vidas","entry"],"jetpack_featured_media_url":"https:\/\/i0.wp.com\/www.rr.senac.br\/portalsenac\/wp-content\/uploads\/2026\/01\/informatica_interior_senacrr.jpeg?fit=1600%2C1066&ssl=1","jetpack_sharing_enabled":true,"_links":{"self":[{"href":"https:\/\/www.rr.senac.br\/portalsenac\/wp-json\/wp\/v2\/posts\/9139","targetHints":{"allow":["GET"]}}],"collection":[{"href":"https:\/\/www.rr.senac.br\/portalsenac\/wp-json\/wp\/v2\/posts"}],"about":[{"href":"https:\/\/www.rr.senac.br\/portalsenac\/wp-json\/wp\/v2\/types\/post"}],"author":[{"embeddable":true,"href":"https:\/\/www.rr.senac.br\/portalsenac\/wp-json\/wp\/v2\/users\/7"}],"replies":[{"embeddable":true,"href":"https:\/\/www.rr.senac.br\/portalsenac\/wp-json\/wp\/v2\/comments?post=9139"}],"version-history":[{"count":4,"href":"https:\/\/www.rr.senac.br\/portalsenac\/wp-json\/wp\/v2\/posts\/9139\/revisions"}],"predecessor-version":[{"id":9144,"href":"https:\/\/www.rr.senac.br\/portalsenac\/wp-json\/wp\/v2\/posts\/9139\/revisions\/9144"}],"wp:featuredmedia":[{"embeddable":true,"href":"https:\/\/www.rr.senac.br\/portalsenac\/wp-json\/wp\/v2\/media\/9140"}],"wp:attachment":[{"href":"https:\/\/www.rr.senac.br\/portalsenac\/wp-json\/wp\/v2\/media?parent=9139"}],"wp:term":[{"taxonomy":"category","embeddable":true,"href":"https:\/\/www.rr.senac.br\/portalsenac\/wp-json\/wp\/v2\/categories?post=9139"},{"taxonomy":"post_tag","embeddable":true,"href":"https:\/\/www.rr.senac.br\/portalsenac\/wp-json\/wp\/v2\/tags?post=9139"}],"curies":[{"name":"wp","href":"https:\/\/api.w.org\/{rel}","templated":true}]}}