{"id":9151,"date":"2026-01-30T11:07:03","date_gmt":"2026-01-30T15:07:03","guid":{"rendered":"https:\/\/www.rr.senac.br\/portalsenac\/?p=9151"},"modified":"2026-01-30T11:07:03","modified_gmt":"2026-01-30T15:07:03","slug":"senac-completa-80-anos-celebrando-o-futuro","status":"publish","type":"post","link":"https:\/\/www.rr.senac.br\/portalsenac\/senac-completa-80-anos-celebrando-o-futuro\/","title":{"rendered":"Senac completa 80 anos celebrando o futuro"},"content":{"rendered":"\n<figure class=\"wp-block-image size-large\"><img data-recalc-dims=\"1\" fetchpriority=\"high\" decoding=\"async\" width=\"750\" height=\"422\" src=\"https:\/\/i0.wp.com\/www.rr.senac.br\/portalsenac\/wp-content\/uploads\/2026\/01\/senac_brasil_roraima_80_anos.jpeg?resize=750%2C422&#038;ssl=1\" alt=\"\" class=\"wp-image-9152\" srcset=\"https:\/\/i0.wp.com\/www.rr.senac.br\/portalsenac\/wp-content\/uploads\/2026\/01\/senac_brasil_roraima_80_anos.jpeg?resize=1024%2C576&amp;ssl=1 1024w, https:\/\/i0.wp.com\/www.rr.senac.br\/portalsenac\/wp-content\/uploads\/2026\/01\/senac_brasil_roraima_80_anos.jpeg?resize=300%2C169&amp;ssl=1 300w, https:\/\/i0.wp.com\/www.rr.senac.br\/portalsenac\/wp-content\/uploads\/2026\/01\/senac_brasil_roraima_80_anos.jpeg?resize=768%2C432&amp;ssl=1 768w, https:\/\/i0.wp.com\/www.rr.senac.br\/portalsenac\/wp-content\/uploads\/2026\/01\/senac_brasil_roraima_80_anos.jpeg?resize=1536%2C864&amp;ssl=1 1536w, https:\/\/i0.wp.com\/www.rr.senac.br\/portalsenac\/wp-content\/uploads\/2026\/01\/senac_brasil_roraima_80_anos.jpeg?resize=1568%2C882&amp;ssl=1 1568w, https:\/\/i0.wp.com\/www.rr.senac.br\/portalsenac\/wp-content\/uploads\/2026\/01\/senac_brasil_roraima_80_anos.jpeg?w=1600&amp;ssl=1 1600w\" sizes=\"(max-width: 750px) 100vw, 750px\" \/><\/figure>\n\n\n\n<p>Neste 10 de janeiro, o Servi\u00e7o Nacional de Aprendizagem Comercial (Senac) completou 80 anos. Unindo tradi\u00e7\u00e3o, autenticidade e inova\u00e7\u00e3o, a Institui\u00e7\u00e3o vem, desde 1946, impulsionando o Com\u00e9rcio e contribuindo para o fortalecimento socioecon\u00f4mico nacional. E agora, comemora suas conquistas de olho no amanh\u00e3.<\/p>\n\n\n\n<div style=\"height:2px\" aria-hidden=\"true\" class=\"wp-block-spacer\"><\/div>\n\n\n\n<figure class=\"wp-block-pullquote\"><blockquote><p>\u201cEm novembro, a CNC completou 80 anos de vida. O Senac seguir\u00e1 a mesma trilha em janeiro do pr\u00f3ximo ano. E o Sesc, em setembro de 2026. \u00c9 raro que tr\u00eas institui\u00e7\u00f5es atravessem juntas essa fronteira de oito d\u00e9cadas. E que o fa\u00e7am com o vigor de quem nunca deixou de se renovar, mostrando-se decisivas para o desenvolvimento humano e econ\u00f4mico do Brasil\u201d, <\/p><cite>celebra o presidente do Sistema CNC-Sesc-Senac, Jos\u00e9 Roberto Tadros.<\/cite><\/blockquote><\/figure>\n\n\n\n<div style=\"height:0px\" aria-hidden=\"true\" class=\"wp-block-spacer\"><\/div>\n\n\n\n<p>Desde sua cria\u00e7\u00e3o, mais de 80 milh\u00f5es de pessoas de cerca de 2 mil munic\u00edpios tiveram suas vidas transformadas. De cada 10 alunos(as) formados(as), 7 conseguem nova ocupa\u00e7\u00e3o durante ou no fim do curso e, se j\u00e1 estavam ocupados(as), impulsionam suas carreiras a partir da capacita\u00e7\u00e3o adquirida.<\/p>\n\n\n\n<div style=\"height:0px\" aria-hidden=\"true\" class=\"wp-block-spacer\"><\/div>\n\n\n\n<p>A maioria desse p\u00fablico s\u00e3o mulheres, oriundas de escolas p\u00fablicas, que veem nos cursos ofertados pelo Senac (muitos gratuitamente) uma nova chance de (re)come\u00e7ar e tra\u00e7ar novos rumos. Por meio do Programa Senac de Gratuidade, mas de 4 milh\u00f5es de estudantes escolheram uma profiss\u00e3o e mudaram suas vidas e de suas fam\u00edlias.<\/p>\n\n\n\n<div style=\"height:1px\" aria-hidden=\"true\" class=\"wp-block-spacer\"><\/div>\n\n\n\n<p>O Senac \u00e9 refer\u00eancia em educar para o mercado tamb\u00e9m na vis\u00e3o do empresariado: 87,9% dos empres\u00e1rios(as) brasileiros (as) avaliam esse certificado como um diferencial positivo no momento da contrata\u00e7\u00e3o e mais de 94% das empresas consideram a import\u00e2ncia da Institui\u00e7\u00e3o para o desenvolvimento nacional.<\/p>\n\n\n\n<div style=\"height:0px\" aria-hidden=\"true\" class=\"wp-block-spacer\"><\/div>\n\n\n\n<p><strong>Conex\u00f5es para a vida<\/strong><\/p>\n\n\n\n<p>Nestas oito d\u00e9cadas, o Senac vem se empenhando em construir conex\u00f5es com p\u00fablicos estrat\u00e9gicos, como empres\u00e1rios(as), alunos(as), ex-alunos(as), docentes, colaboradores(as), governo e imprensa, al\u00e9m de representantes de organiza\u00e7\u00f5es internacionais. E, ao longo de 2026, pretende fortalecer essa atua\u00e7\u00e3o, celebrando sua presen\u00e7a constante na vida da sociedade brasileira.<\/p>\n\n\n\n<p>Com o olhar para o futuro das profiss\u00f5es e antevendo as exig\u00eancias do mercado, a Institui\u00e7\u00e3o j\u00e1 se tornou refer\u00eancia em educa\u00e7\u00e3o tecnol\u00f3gica, conquistando selos e pr\u00eamios nacionais e internacionais como reconhecimento.<\/p>\n\n\n\n<p>Para levar \u00e0s suas salas de aula recursos de \u00faltima gera\u00e7\u00e3o, firma parcerias com gigantes da tecnologia, garantindo a alunos(as) e docentes acesso \u00e0 forma\u00e7\u00e3o <em>high-tech<\/em> de alto n\u00edvel.<\/p>\n\n\n\n<p>Um exemplo \u00e9 a atua\u00e7\u00e3o da Balsa-Escola Jos\u00e9 Roberto Tadros (primeira escola fluvial tecnol\u00f3gica do mundo), que oferta capacita\u00e7\u00e3o gratuita em Tecnologia da Informa\u00e7\u00e3o \u00e0s popula\u00e7\u00f5es ribeirinhas do Amazonas.<\/p>\n\n\n\n<p>Outro exemplo dessa conex\u00e3o com o futuro \u00e9 o processo de prepara\u00e7\u00e3o de alunos e alunas de alta performance, capazes de representar o Brasil mundo afora, tornando esse time <em>experts<\/em> em ocupa\u00e7\u00f5es do Com\u00e9rcio de Bens, Servi\u00e7os e Turismo.<\/p>\n\n\n\n<p>\u00c9 o que ir\u00e1 ocorrer em setembro, durante a pr\u00f3xima edi\u00e7\u00e3o da WorlSkills Competition (a maior competi\u00e7\u00e3o de educa\u00e7\u00e3o profissional do planeta). A edi\u00e7\u00e3o 2026 ser\u00e1 em Xangai, China, quando sete alunos e alunas, medalhistas de ouro nas Competi\u00e7\u00f5es Senac de Educa\u00e7\u00e3o Profissional, v\u00e3o enfrentar desafios que reproduzem situa\u00e7\u00f5es complexas, seguindo crit\u00e9rios e padr\u00f5es internacionais, que s\u00f3 poderiam ser resolvidas por profissionais j\u00e1 experientes.<\/p>\n\n\n\n<p>Al\u00e9m de tornar o Brasil uma vitrine da educa\u00e7\u00e3o profissional para o mundo, o Senac se orgulha de contribuir para ampliar as perspectivas de sucesso de seu alunado, levando para suas escolas todo o aprendizado acumulado nesses torneios nacionais e internacionais em um efeito multiplicador com excelentes resultados.<\/p>\n\n\n\n<div style=\"height:0px\" aria-hidden=\"true\" class=\"wp-block-spacer\"><\/div>\n\n\n\n<p><strong>A gente se v\u00ea amanh\u00e3<\/strong><\/p>\n\n\n\n<p>Diante de tantas hist\u00f3rias de sucesso e vidas transformadas, a Institui\u00e7\u00e3o tem muito a comemorar. Para come\u00e7ar, ser\u00e1 inaugurado, no cora\u00e7\u00e3o do pa\u00eds, o Senac Eixo Monumental.<\/p>\n\n\n\n<div style=\"height:1px\" aria-hidden=\"true\" class=\"wp-block-spacer\"><\/div>\n\n\n\n<p>Com caf\u00e9 e restaurante-escola, experi\u00eancias sensoriais, mostra tem\u00e1tica e cursos, o empreendimento j\u00e1 foi batizado de Embaixada da Gastronomia Brasileira, com a proposta de ensinar por meio dos sentidos e promover uma experi\u00eancia de alta gastronomia \u00fanica e inovadora, com ingredientes nativos.<\/p>\n\n\n\n<div style=\"height:1px\" aria-hidden=\"true\" class=\"wp-block-spacer\"><\/div>\n\n\n\n<p>O Senac Eixo Monumental conta com restaurante com cerca de 70 lugares, e um bar com servi\u00e7o exclusivo de <em>bartender<\/em>, em um varand\u00e3o para apreciar o p\u00f4r do sol mais belo de Bras\u00edlia. Os menus \u2013 <em>a la carte<\/em> ou degusta\u00e7\u00e3o, servidos em 4 ou 7 etapas \u2013 foram planejados pela <em>chef<\/em> Ana Loureiro (<em>expert <\/em>da delega\u00e7\u00e3o brasileira na WorldSkills Competition) e ser\u00e3o executados pelo <em>chef <\/em>Luiz Lira (vencedor do <em>reality show<\/em> Chef de Alto N\u00edvel, da Rede Globo).<\/p>\n\n\n\n<div style=\"height:3px\" aria-hidden=\"true\" class=\"wp-block-spacer\"><\/div>\n\n\n\n<p>Com o mote \u201cA gente se v\u00ea amanh\u00e3\u201d, uma campanha passa a ser veiculada em janeiro de 2026 em TV, <em>streamings<\/em>, ve\u00edculos impressos, digitais e outros espa\u00e7os. A ideia \u00e9 mostrar que o Senac se v\u00ea relevante e se enxerga nas conquistas de cada p\u00fablico, atuando muito al\u00e9m de diplomas, abrindo possibilidades e caminhos, gerando oportunidades e conectando sonhos.<\/p>\n\n\n\n<div style=\"height:2px\" aria-hidden=\"true\" class=\"wp-block-spacer\"><\/div>\n\n\n\n<p>Assim como sempre foi ao longo desses 80 anos, muitas a\u00e7\u00f5es e transforma\u00e7\u00f5es ainda vir\u00e3o. Afinal de contas: a gente se v\u00ea amanh\u00e3.<\/p>\n\n\n\n<div style=\"height:0px\" aria-hidden=\"true\" class=\"wp-block-spacer\"><\/div>\n\n\n\n<p>Fonte: Senac Brasil <\/p>\n\n\n\n<div style=\"height:0px\" aria-hidden=\"true\" class=\"wp-block-spacer\"><\/div>\n\n\n\n<p><\/p>\n","protected":false},"excerpt":{"rendered":"<p>Neste 10 de janeiro, o Servi\u00e7o Nacional de Aprendizagem Comercial (Senac) completou 80 anos. Unindo tradi\u00e7\u00e3o, autenticidade e inova\u00e7\u00e3o, a Institui\u00e7\u00e3o vem, desde 1946, impulsionando o Com\u00e9rcio e contribuindo para o fortalecimento socioecon\u00f4mico nacional. E agora, comemora suas conquistas de olho no amanh\u00e3. \u201cEm novembro,&hellip; <a class=\"more-link\" href=\"https:\/\/www.rr.senac.br\/portalsenac\/senac-completa-80-anos-celebrando-o-futuro\/\">Continuar lendo <span class=\"screen-reader-text\">Senac completa 80 anos celebrando o futuro<\/span><\/a><\/p>\n","protected":false},"author":7,"featured_media":9152,"comment_status":"closed","ping_status":"closed","sticky":false,"template":"","format":"standard","meta":{"_jetpack_memberships_contains_paid_content":false,"_joinchat":[],"footnotes":""},"categories":[12],"tags":[143,141,140,139,142],"class_list":["post-9151","post","type-post","status-publish","format-standard","has-post-thumbnail","hentry","category-ultimas-noticias","tag-educacao-profissional","tag-futuro","tag-senac-80-anos","tag-senac-brasil","tag-tecnologias","entry"],"jetpack_featured_media_url":"https:\/\/i0.wp.com\/www.rr.senac.br\/portalsenac\/wp-content\/uploads\/2026\/01\/senac_brasil_roraima_80_anos.jpeg?fit=1600%2C900&ssl=1","jetpack_sharing_enabled":true,"_links":{"self":[{"href":"https:\/\/www.rr.senac.br\/portalsenac\/wp-json\/wp\/v2\/posts\/9151","targetHints":{"allow":["GET"]}}],"collection":[{"href":"https:\/\/www.rr.senac.br\/portalsenac\/wp-json\/wp\/v2\/posts"}],"about":[{"href":"https:\/\/www.rr.senac.br\/portalsenac\/wp-json\/wp\/v2\/types\/post"}],"author":[{"embeddable":true,"href":"https:\/\/www.rr.senac.br\/portalsenac\/wp-json\/wp\/v2\/users\/7"}],"replies":[{"embeddable":true,"href":"https:\/\/www.rr.senac.br\/portalsenac\/wp-json\/wp\/v2\/comments?post=9151"}],"version-history":[{"count":1,"href":"https:\/\/www.rr.senac.br\/portalsenac\/wp-json\/wp\/v2\/posts\/9151\/revisions"}],"predecessor-version":[{"id":9153,"href":"https:\/\/www.rr.senac.br\/portalsenac\/wp-json\/wp\/v2\/posts\/9151\/revisions\/9153"}],"wp:featuredmedia":[{"embeddable":true,"href":"https:\/\/www.rr.senac.br\/portalsenac\/wp-json\/wp\/v2\/media\/9152"}],"wp:attachment":[{"href":"https:\/\/www.rr.senac.br\/portalsenac\/wp-json\/wp\/v2\/media?parent=9151"}],"wp:term":[{"taxonomy":"category","embeddable":true,"href":"https:\/\/www.rr.senac.br\/portalsenac\/wp-json\/wp\/v2\/categories?post=9151"},{"taxonomy":"post_tag","embeddable":true,"href":"https:\/\/www.rr.senac.br\/portalsenac\/wp-json\/wp\/v2\/tags?post=9151"}],"curies":[{"name":"wp","href":"https:\/\/api.w.org\/{rel}","templated":true}]}}