{"id":9158,"date":"2026-01-31T18:03:52","date_gmt":"2026-01-31T22:03:52","guid":{"rendered":"https:\/\/www.rr.senac.br\/portalsenac\/?p=9158"},"modified":"2026-01-31T18:03:52","modified_gmt":"2026-01-31T22:03:52","slug":"regional-roraima-realiza-evento-de-abertura-das-atividades","status":"publish","type":"post","link":"https:\/\/www.rr.senac.br\/portalsenac\/regional-roraima-realiza-evento-de-abertura-das-atividades\/","title":{"rendered":"Regional Roraima abre as atividades de 2026 comemorando 80 anos de tradi\u00e7\u00e3o do nome Senac no Brasil"},"content":{"rendered":"\n<figure class=\"wp-block-image size-large\"><img data-recalc-dims=\"1\" fetchpriority=\"high\" decoding=\"async\" width=\"750\" height=\"500\" src=\"https:\/\/i0.wp.com\/www.rr.senac.br\/portalsenac\/wp-content\/uploads\/2026\/01\/senac_80_anos_abertura_das_atividades.jpeg?resize=750%2C500&#038;ssl=1\" alt=\"\" class=\"wp-image-9159\" srcset=\"https:\/\/i0.wp.com\/www.rr.senac.br\/portalsenac\/wp-content\/uploads\/2026\/01\/senac_80_anos_abertura_das_atividades.jpeg?resize=1024%2C682&amp;ssl=1 1024w, https:\/\/i0.wp.com\/www.rr.senac.br\/portalsenac\/wp-content\/uploads\/2026\/01\/senac_80_anos_abertura_das_atividades.jpeg?resize=300%2C200&amp;ssl=1 300w, https:\/\/i0.wp.com\/www.rr.senac.br\/portalsenac\/wp-content\/uploads\/2026\/01\/senac_80_anos_abertura_das_atividades.jpeg?resize=768%2C512&amp;ssl=1 768w, https:\/\/i0.wp.com\/www.rr.senac.br\/portalsenac\/wp-content\/uploads\/2026\/01\/senac_80_anos_abertura_das_atividades.jpeg?resize=1536%2C1023&amp;ssl=1 1536w, https:\/\/i0.wp.com\/www.rr.senac.br\/portalsenac\/wp-content\/uploads\/2026\/01\/senac_80_anos_abertura_das_atividades.jpeg?resize=1568%2C1045&amp;ssl=1 1568w, https:\/\/i0.wp.com\/www.rr.senac.br\/portalsenac\/wp-content\/uploads\/2026\/01\/senac_80_anos_abertura_das_atividades.jpeg?w=1600&amp;ssl=1 1600w\" sizes=\"(max-width: 750px) 100vw, 750px\" \/><figcaption class=\"wp-element-caption\"><em>O evento evidenciou sinergia entre a equipe e o prop\u00f3sito da institui\u00e7\u00e3o<\/em><\/figcaption><\/figure>\n\n\n\n<p>Qual \u00e9 a melhor forma de se preparar para um ano de sonhos realizados? A resposta \u00e9 simples: com um super evento que garantiu alinhamento e momentos divertidos \u00e0 mais de 170 colaboradores do Senac no estado de Roraima. O evento celebrou a tradi\u00e7\u00e3o e comemorou as conquistas da educa\u00e7\u00e3o inovadora, marca do Senac, que completou 80 anos no Brasil no dia 10 de janeiro.<\/p>\n\n\n\n<div style=\"height:0px\" aria-hidden=\"true\" class=\"wp-block-spacer\"><\/div>\n\n\n\n<p>Com o lema \u2018A gente se v\u00ea realizando sonhos\u2019, varia\u00e7\u00e3o do slogan nacional, o dia destinado \u00e0 abertura oficial dos trabalhos contou com uma programa\u00e7\u00e3o pensada para motivar a equipe do come\u00e7o ao fim: um emocionante panorama da hist\u00f3ria do Senac no pa\u00eds, uma palestra que combinou ilusionismo e boas pr\u00e1ticas para o desenvolvimento corporativo, apresenta\u00e7\u00f5es de resultados, premia\u00e7\u00f5es, homenagens, atra\u00e7\u00f5es culturais e muito mais.<\/p>\n\n\n\n<div style=\"height:0px\" aria-hidden=\"true\" class=\"wp-block-spacer\"><\/div>\n\n\n\n<p>A diretora do Senac RR, Fernanda Barbosa, destacou que a energia, a f\u00e9 e a uni\u00e3o, envolveram esse encontro de for\u00e7as da equipe Senac, com o objetivo principal de acolher cada colaborador. \u201c<strong><em>Al\u00e9m desse momento de conex\u00e3o, tivemos a alegria de lan\u00e7ar oficialmente a campanha nacional dos 80 anos do Senac Brasil, um marco que nos enche de orgulho e refor\u00e7a a responsabilidade que temos em seguir transformando vidas por meio da educa\u00e7\u00e3o profissional. Acreditamos que come\u00e7ar o ano dessa forma, juntos, reconhecendo conquistas e olhando para o futuro com clareza, fortalece ainda mais o nosso trabalho e o nosso compromisso com a miss\u00e3o do Senac\u201d<\/em><\/strong>, enfatizou.<\/p>\n\n\n\n<div style=\"height:0px\" aria-hidden=\"true\" class=\"wp-block-spacer\"><\/div>\n\n\n\n<p>E que tal colher os resultados de uma metodologia criativa? Entre os premiados do dia, a instrutora dos segmentos de Gest\u00e3o e Tecnologia, C\u00edntia Dias, foi destaque na \u2018Conecte Conhecimento\u2019, competi\u00e7\u00e3o interna de tecnologia e inova\u00e7\u00e3o. Segundo a instrutora, o projeto vencedor do primeiro lugar, o <em>Scape Room, <\/em>foi idealizado para aflorar o protagonismo dos alunos atrav\u00e9s de um jogo de desafios emocionantes.<\/p>\n\n\n\n<p><strong><em>\u201c<\/em><\/strong>Esse pr\u00eamio representa uma oportunidade \u00fanica que, com certeza, vai potencializar as minhas experi\u00eancias em sala de aula, pois vai me permitir conhecer uma unidade do Senac de qualquer lugar do Brasil. N\u00e3o posso deixar de ressaltar que viver essa experi\u00eancia est\u00e1 sendo um sonho desde o momento da premia\u00e7\u00e3o, pois eu estava morrendo de ansiedade pelo resultado e olha que o evento teve de tudo: palestra m\u00e1gica, presen\u00e7a do DN, comida e m\u00fasica boa. Mas confesso que tudo ficou mil vezes melhor quando ouvi o meu nome no p\u00f3dio!<strong><em> Foi como se eu estivesse ali escrevendo o meu nome junto com todos os outros sucessos que o Senac teve durante esses 80 anos de hist\u00f3ria\u201d<\/em><\/strong>, comemorou C\u00edntia.<\/p>\n\n\n\n<div style=\"height:6px\" aria-hidden=\"true\" class=\"wp-block-spacer\"><\/div>\n\n\n\n<div style=\"height:0px\" aria-hidden=\"true\" class=\"wp-block-spacer\"><\/div>\n\n\n\n<div style=\"height:0px\" aria-hidden=\"true\" class=\"wp-block-spacer\"><\/div>\n\n\n\n<figure class=\"wp-block-image size-large\"><img data-recalc-dims=\"1\" decoding=\"async\" width=\"750\" height=\"500\" src=\"https:\/\/i0.wp.com\/www.rr.senac.br\/portalsenac\/wp-content\/uploads\/2026\/01\/senac_80_anos_abertura_das_atividades2.jpeg?resize=750%2C500&#038;ssl=1\" alt=\"\" class=\"wp-image-9160\" srcset=\"https:\/\/i0.wp.com\/www.rr.senac.br\/portalsenac\/wp-content\/uploads\/2026\/01\/senac_80_anos_abertura_das_atividades2.jpeg?resize=1024%2C682&amp;ssl=1 1024w, https:\/\/i0.wp.com\/www.rr.senac.br\/portalsenac\/wp-content\/uploads\/2026\/01\/senac_80_anos_abertura_das_atividades2.jpeg?resize=300%2C200&amp;ssl=1 300w, https:\/\/i0.wp.com\/www.rr.senac.br\/portalsenac\/wp-content\/uploads\/2026\/01\/senac_80_anos_abertura_das_atividades2.jpeg?resize=768%2C512&amp;ssl=1 768w, https:\/\/i0.wp.com\/www.rr.senac.br\/portalsenac\/wp-content\/uploads\/2026\/01\/senac_80_anos_abertura_das_atividades2.jpeg?resize=1536%2C1023&amp;ssl=1 1536w, https:\/\/i0.wp.com\/www.rr.senac.br\/portalsenac\/wp-content\/uploads\/2026\/01\/senac_80_anos_abertura_das_atividades2.jpeg?resize=1568%2C1045&amp;ssl=1 1568w, https:\/\/i0.wp.com\/www.rr.senac.br\/portalsenac\/wp-content\/uploads\/2026\/01\/senac_80_anos_abertura_das_atividades2.jpeg?w=1600&amp;ssl=1 1600w\" sizes=\"(max-width: 750px) 100vw, 750px\" \/><\/figure>\n\n\n\n<p><strong>A gente se v\u00ea em hist\u00f3rias que inspiram<\/strong><\/p>\n\n\n\n<p>Com uma programa\u00e7\u00e3o t\u00e3o animada \u00e9 dif\u00edcil escolher os melhores momentos. No entanto, o painel de hist\u00f3rias de sucesso e feedbacks foi um dos mais badalados; dezenas de colaboradores compartilharam suas rela\u00e7\u00f5es com o impacto do Senac nestes 80 anos. Veja a seguir alguns dos relatos que chamaram a aten\u00e7\u00e3o.<\/p>\n\n\n\n<blockquote class=\"wp-block-quote is-layout-flow wp-block-quote-is-layout-flow\">\n<p>Agrade\u00e7o ao Senac por dar a oportunidade de realizar sonhos, assim como est\u00e1 realizando o meu. Tenho orgulho de fazer parte dessa fam\u00edlia acolhedora que \u00e9 o Senac.<\/p>\n<\/blockquote>\n\n\n\n<blockquote class=\"wp-block-quote is-layout-flow wp-block-quote-is-layout-flow\">\n<p>Iniciei minha jornada no Senac em 2007, como aluna. Foi ali que surgiu minha primeira oportunidade, inclusive meu primeiro emprego foi pelo Banco de Oportunidades. Hoje, com muito orgulho, estou aqui como instrutora, devolvendo em forma de ensino tudo o que um dia recebi.<\/p>\n<\/blockquote>\n\n\n\n<blockquote class=\"wp-block-quote is-layout-flow wp-block-quote-is-layout-flow\">\n<p>Evento maravilhoso! Feliz em poder fazer parte dessa institui\u00e7\u00e3o!<\/p>\n<\/blockquote>\n\n\n\n<div style=\"height:0px\" aria-hidden=\"true\" class=\"wp-block-spacer\"><\/div>\n\n\n\n<p>O \u00e1lbum completo de fotos do evento de abertura das atividades j\u00e1 est\u00e1 dispon\u00edvel no Facebook do Senac Roraima. <a href=\"https:\/\/www.facebook.com\/media\/set\/?vanity=senac.roraima&amp;set=a.886316544099290&amp;locale=pt_BR\">Confira!<\/a><\/p>\n\n\n\n<div style=\"height:3px\" aria-hidden=\"true\" class=\"wp-block-spacer\"><\/div>\n\n\n\n<p>Por Liana Lima, analista t\u00e9c. de comunica\u00e7\u00e3o do Senac RR.<\/p>\n\n\n\n<div style=\"height:1px\" aria-hidden=\"true\" class=\"wp-block-spacer\"><\/div>\n","protected":false},"excerpt":{"rendered":"<p>Qual \u00e9 a melhor forma de se preparar para um ano de sonhos realizados? A resposta \u00e9 simples: com um super evento que garantiu alinhamento e momentos divertidos \u00e0 mais de 170 colaboradores do Senac no estado de Roraima. O evento celebrou a tradi\u00e7\u00e3o e&hellip; <a class=\"more-link\" href=\"https:\/\/www.rr.senac.br\/portalsenac\/regional-roraima-realiza-evento-de-abertura-das-atividades\/\">Continuar lendo <span class=\"screen-reader-text\">Regional Roraima abre as atividades de 2026 comemorando 80 anos de tradi\u00e7\u00e3o do nome Senac no Brasil<\/span><\/a><\/p>\n","protected":false},"author":7,"featured_media":9159,"comment_status":"closed","ping_status":"closed","sticky":false,"template":"","format":"standard","meta":{"_jetpack_memberships_contains_paid_content":false,"_joinchat":[],"footnotes":""},"categories":[12],"tags":[143,145,140,53,144],"class_list":["post-9158","post","type-post","status-publish","format-standard","has-post-thumbnail","hentry","category-ultimas-noticias","tag-educacao-profissional","tag-equipe-senac","tag-senac-80-anos","tag-senac-roraima","tag-sonhos","entry"],"jetpack_featured_media_url":"https:\/\/i0.wp.com\/www.rr.senac.br\/portalsenac\/wp-content\/uploads\/2026\/01\/senac_80_anos_abertura_das_atividades.jpeg?fit=1600%2C1066&ssl=1","jetpack_sharing_enabled":true,"_links":{"self":[{"href":"https:\/\/www.rr.senac.br\/portalsenac\/wp-json\/wp\/v2\/posts\/9158","targetHints":{"allow":["GET"]}}],"collection":[{"href":"https:\/\/www.rr.senac.br\/portalsenac\/wp-json\/wp\/v2\/posts"}],"about":[{"href":"https:\/\/www.rr.senac.br\/portalsenac\/wp-json\/wp\/v2\/types\/post"}],"author":[{"embeddable":true,"href":"https:\/\/www.rr.senac.br\/portalsenac\/wp-json\/wp\/v2\/users\/7"}],"replies":[{"embeddable":true,"href":"https:\/\/www.rr.senac.br\/portalsenac\/wp-json\/wp\/v2\/comments?post=9158"}],"version-history":[{"count":1,"href":"https:\/\/www.rr.senac.br\/portalsenac\/wp-json\/wp\/v2\/posts\/9158\/revisions"}],"predecessor-version":[{"id":9161,"href":"https:\/\/www.rr.senac.br\/portalsenac\/wp-json\/wp\/v2\/posts\/9158\/revisions\/9161"}],"wp:featuredmedia":[{"embeddable":true,"href":"https:\/\/www.rr.senac.br\/portalsenac\/wp-json\/wp\/v2\/media\/9159"}],"wp:attachment":[{"href":"https:\/\/www.rr.senac.br\/portalsenac\/wp-json\/wp\/v2\/media?parent=9158"}],"wp:term":[{"taxonomy":"category","embeddable":true,"href":"https:\/\/www.rr.senac.br\/portalsenac\/wp-json\/wp\/v2\/categories?post=9158"},{"taxonomy":"post_tag","embeddable":true,"href":"https:\/\/www.rr.senac.br\/portalsenac\/wp-json\/wp\/v2\/tags?post=9158"}],"curies":[{"name":"wp","href":"https:\/\/api.w.org\/{rel}","templated":true}]}}