{"id":9163,"date":"2026-02-20T17:41:02","date_gmt":"2026-02-20T21:41:02","guid":{"rendered":"https:\/\/www.rr.senac.br\/portalsenac\/?p=9163"},"modified":"2026-02-20T17:41:02","modified_gmt":"2026-02-20T21:41:02","slug":"novo-edital-cursos-gratuitos-senacrr","status":"publish","type":"post","link":"https:\/\/www.rr.senac.br\/portalsenac\/novo-edital-cursos-gratuitos-senacrr\/","title":{"rendered":"Senac em Roraima torna p\u00fablico novo edital de cursos gr\u00e1tis para S\u00e3o Luiz do Anau\u00e1"},"content":{"rendered":"\n<figure class=\"wp-block-image size-large\"><img data-recalc-dims=\"1\" fetchpriority=\"high\" decoding=\"async\" width=\"750\" height=\"500\" src=\"https:\/\/i0.wp.com\/www.rr.senac.br\/portalsenac\/wp-content\/uploads\/2026\/02\/senac_cursos_gratis_gastronomia.jpeg?resize=750%2C500&#038;ssl=1\" alt=\"\" class=\"wp-image-9164\" srcset=\"https:\/\/i0.wp.com\/www.rr.senac.br\/portalsenac\/wp-content\/uploads\/2026\/02\/senac_cursos_gratis_gastronomia.jpeg?resize=1024%2C682&amp;ssl=1 1024w, https:\/\/i0.wp.com\/www.rr.senac.br\/portalsenac\/wp-content\/uploads\/2026\/02\/senac_cursos_gratis_gastronomia.jpeg?resize=300%2C200&amp;ssl=1 300w, https:\/\/i0.wp.com\/www.rr.senac.br\/portalsenac\/wp-content\/uploads\/2026\/02\/senac_cursos_gratis_gastronomia.jpeg?resize=768%2C512&amp;ssl=1 768w, https:\/\/i0.wp.com\/www.rr.senac.br\/portalsenac\/wp-content\/uploads\/2026\/02\/senac_cursos_gratis_gastronomia.jpeg?resize=1536%2C1023&amp;ssl=1 1536w, https:\/\/i0.wp.com\/www.rr.senac.br\/portalsenac\/wp-content\/uploads\/2026\/02\/senac_cursos_gratis_gastronomia.jpeg?resize=1568%2C1045&amp;ssl=1 1568w, https:\/\/i0.wp.com\/www.rr.senac.br\/portalsenac\/wp-content\/uploads\/2026\/02\/senac_cursos_gratis_gastronomia.jpeg?w=1600&amp;ssl=1 1600w\" sizes=\"(max-width: 750px) 100vw, 750px\" \/><figcaption class=\"wp-element-caption\"><em>Cursos s\u00e3o para a \u00e1rea da gastronomia<\/em><\/figcaption><\/figure>\n\n\n\n<p>No munic\u00edpio de S\u00e3o Luiz do Anau\u00e1, sul de Roraima, o Senac oferece novas oportunidades de capacita\u00e7\u00e3o gratuita \u00e0 popula\u00e7\u00e3o. O Programa Senac de Gratuidade divulgou na \u00faltima quarta-feira o <a href=\"https:\/\/app.rr.senac.br\/send3\/site\/psg\/curso_selecao\/95\">edital 004\/2026<\/a>, que conta com 36 vagas. Os interessados devem realizar a inscri\u00e7\u00e3o <em><a href=\"https:\/\/app.rr.senac.br\/send3\/site\/psg\/curso_selecao\/95\">online<\/a> <\/em>a partir das 8h30 da pr\u00f3xima ter\u00e7a-feira, 24, diretamente no site: rr.senac.br.<\/p>\n\n\n\n<div style=\"height:1px\" aria-hidden=\"true\" class=\"wp-block-spacer\"><\/div>\n\n\n\n<p>O edital prev\u00ea a oferta de dois t\u00edtulos na \u00e1rea da gastronomia: Salgadeiro, com certifica\u00e7\u00e3o de 160h, e Padeiro, com carga hor\u00e1ria de 260h. Ambos os cursos ser\u00e3o executados presencialmente na cozinha pedag\u00f3gica da unidade Norm\u00e9lia Mafra, polo do Senac no munic\u00edpio de S\u00e3o Luiz.<\/p>\n\n\n\n<div style=\"height:2px\" aria-hidden=\"true\" class=\"wp-block-spacer\"><\/div>\n\n\n\n<p>Glicyane Almeida, instrutora de cursos de gastronomia do Senac, lista uma s\u00e9rie de vantagens profissionais derivadas das capacita\u00e7\u00f5es ofertadas. Segundo ela, as grades curriculares se alinham com as necessidades observadas na regi\u00e3o e compactam conhecimentos essenciais para quem deseja atuar em padarias, lanchonetes, buffets ou at\u00e9 mesmo abrir o pr\u00f3prio neg\u00f3cio.<\/p>\n\n\n\n<div style=\"height:0px\" aria-hidden=\"true\" class=\"wp-block-spacer\"><\/div>\n\n\n\n<p><strong><em>\u201cAl\u00e9m da parte pr\u00e1tica, a forma\u00e7\u00e3o tamb\u00e9m contribui preparando o aluno para o mercado de trabalho ou para o empreendedorismo. Dessa forma, a capacita\u00e7\u00e3o no Senac amplia oportunidades profissionais, fortalece a qualifica\u00e7\u00e3o t\u00e9cnica e possibilita maior gera\u00e7\u00e3o de renda e crescimento na carreira\u201d<\/em><\/strong>, explica.<\/p>\n\n\n\n<div style=\"height:1px\" aria-hidden=\"true\" class=\"wp-block-spacer\"><\/div>\n\n\n\n<p>Para garantir a vaga, \u00e9 essencial que os interessados cumpram rigorosamente os requisitos e etapas previstas em edital, a exemplo das exig\u00eancias de limite de renda familiar <em>per capita <\/em>e escolaridade. Posterior \u00e0 inscri\u00e7\u00e3o <em>online<\/em>, acontece a etapa de entrega presencial da documenta\u00e7\u00e3o comprobat\u00f3ria. Todos os requisitos e cronograma completo do processo podem ser consultados no edital.<\/p>\n\n\n\n<div style=\"height:8px\" aria-hidden=\"true\" class=\"wp-block-spacer\"><\/div>\n\n\n\n<p><a href=\"https:\/\/whatsapp.com\/channel\/0029VaDrKCt5K3zRiiJBsL2o\">Acesse o nosso canal no WhatsApp e receba not\u00edcias em primeira m\u00e3o. <\/a><\/p>\n\n\n\n<div style=\"height:0px\" aria-hidden=\"true\" class=\"wp-block-spacer\"><\/div>\n\n\n\n<p>Por Liana Lima, analista t\u00e9c. de comunica\u00e7\u00e3o do Senac\/RR. <\/p>\n\n\n\n<div style=\"height:2px\" aria-hidden=\"true\" class=\"wp-block-spacer\"><\/div>\n\n\n\n<p><\/p>\n","protected":false},"excerpt":{"rendered":"<p>No munic\u00edpio de S\u00e3o Luiz do Anau\u00e1, sul de Roraima, o Senac oferece novas oportunidades de capacita\u00e7\u00e3o gratuita \u00e0 popula\u00e7\u00e3o. O Programa Senac de Gratuidade divulgou na \u00faltima quarta-feira o edital 004\/2026, que conta com 36 vagas. Os interessados devem realizar a inscri\u00e7\u00e3o online a&hellip; <a class=\"more-link\" href=\"https:\/\/www.rr.senac.br\/portalsenac\/novo-edital-cursos-gratuitos-senacrr\/\">Continuar lendo <span class=\"screen-reader-text\">Senac em Roraima torna p\u00fablico novo edital de cursos gr\u00e1tis para S\u00e3o Luiz do Anau\u00e1<\/span><\/a><\/p>\n","protected":false},"author":7,"featured_media":9164,"comment_status":"closed","ping_status":"closed","sticky":false,"template":"","format":"standard","meta":{"_jetpack_memberships_contains_paid_content":false,"_joinchat":[],"footnotes":""},"categories":[12],"tags":[56,149,147,148,146,53],"class_list":["post-9163","post","type-post","status-publish","format-standard","has-post-thumbnail","hentry","category-ultimas-noticias","tag-gastronomia","tag-padeiro","tag-programa-senac-de-gratuidade","tag-salgadeiro","tag-sao-luiz","tag-senac-roraima","entry"],"jetpack_featured_media_url":"https:\/\/i0.wp.com\/www.rr.senac.br\/portalsenac\/wp-content\/uploads\/2026\/02\/senac_cursos_gratis_gastronomia.jpeg?fit=1600%2C1066&ssl=1","jetpack_sharing_enabled":true,"_links":{"self":[{"href":"https:\/\/www.rr.senac.br\/portalsenac\/wp-json\/wp\/v2\/posts\/9163","targetHints":{"allow":["GET"]}}],"collection":[{"href":"https:\/\/www.rr.senac.br\/portalsenac\/wp-json\/wp\/v2\/posts"}],"about":[{"href":"https:\/\/www.rr.senac.br\/portalsenac\/wp-json\/wp\/v2\/types\/post"}],"author":[{"embeddable":true,"href":"https:\/\/www.rr.senac.br\/portalsenac\/wp-json\/wp\/v2\/users\/7"}],"replies":[{"embeddable":true,"href":"https:\/\/www.rr.senac.br\/portalsenac\/wp-json\/wp\/v2\/comments?post=9163"}],"version-history":[{"count":1,"href":"https:\/\/www.rr.senac.br\/portalsenac\/wp-json\/wp\/v2\/posts\/9163\/revisions"}],"predecessor-version":[{"id":9165,"href":"https:\/\/www.rr.senac.br\/portalsenac\/wp-json\/wp\/v2\/posts\/9163\/revisions\/9165"}],"wp:featuredmedia":[{"embeddable":true,"href":"https:\/\/www.rr.senac.br\/portalsenac\/wp-json\/wp\/v2\/media\/9164"}],"wp:attachment":[{"href":"https:\/\/www.rr.senac.br\/portalsenac\/wp-json\/wp\/v2\/media?parent=9163"}],"wp:term":[{"taxonomy":"category","embeddable":true,"href":"https:\/\/www.rr.senac.br\/portalsenac\/wp-json\/wp\/v2\/categories?post=9163"},{"taxonomy":"post_tag","embeddable":true,"href":"https:\/\/www.rr.senac.br\/portalsenac\/wp-json\/wp\/v2\/tags?post=9163"}],"curies":[{"name":"wp","href":"https:\/\/api.w.org\/{rel}","templated":true}]}}