{"id":9295,"date":"2026-04-14T09:11:40","date_gmt":"2026-04-14T13:11:40","guid":{"rendered":"https:\/\/www.rr.senac.br\/portalsenac\/?p=9295"},"modified":"2026-04-20T14:56:13","modified_gmt":"2026-04-20T18:56:13","slug":"edital-de-doacao-de-bens-n-001-2026","status":"publish","type":"post","link":"https:\/\/www.rr.senac.br\/portalsenac\/edital-de-doacao-de-bens-n-001-2026\/","title":{"rendered":"Edital de doa\u00e7\u00e3o de bens N\u00b0 001\/2026"},"content":{"rendered":"\n<div style=\"height:60px\" aria-hidden=\"true\" class=\"wp-block-spacer\"><\/div>\n\n\n\n<p><strong>O SERVI\u00c7O NACIONAL DE APRENDIZAGEM COMERCIAL<\/strong> \u2013 Constitui objeto do presente Edital, a <strong>doa\u00e7\u00e3o de bens patrimoniais classificados como inserv\u00edveis e\/ou antiecon\u00f4mico<\/strong>, conforme rela\u00e7\u00e3o constante no <strong>ANEXO IV<\/strong>, organizados em lotes, conforme c\u00f3digo de contabilidade e or\u00e7amento (CODECO, 2025)..<\/p>\n\n\n\n<div style=\"height:6px\" aria-hidden=\"true\" class=\"wp-block-spacer\"><\/div>\n\n\n\n<p class=\"texto-justificado\">Poder\u00e3o participar do certame, quaisquer entidades sem fins lucrativos, organiza\u00e7\u00f5es governamentais, n\u00e3o-governamentais e entidades filantr\u00f3picas, assistenciais ou educacionais, que atendam \u00e0s condi\u00e7\u00f5es estabelecidas neste edital e seus anexos.<\/p>\n\n\n\n<p class=\"has-extra-small-font-size\"><br>Local de entrega:<br><strong>CENTRO DE EDUCA\u00c7\u00c3O PROFISSIONAL MINISTRO ERNANE GALV\u00caAS<\/strong>, localizado na Av. Major Williams, 2084 &#8211; S\u00e3o Francisco, cep 69310-110 Boa Vista &#8211; RR, departamento (<strong>GOPS<\/strong>) hor\u00e1rio de <strong>08:00<\/strong> \u00e0s <strong>11:30<\/strong> e das <strong>14:00<\/strong> \u00e0s <strong>17:30<\/strong> horas.<br><strong><em>Comiss\u00e3o Permanente de Licita\u00e7\u00e3o<\/em><\/strong><\/p>\n\n\n\n<div style=\"height:40px\" aria-hidden=\"true\" class=\"wp-block-spacer\"><\/div>\n\n\n\n<h2 class=\"wp-block-heading has-small-font-size\"><strong>CRONOGRAMA DO EDITAL DE DOA\u00c7\u00c3O DE BENS PATRIMONIAIS DOA\u00c7\u00c3O N\u00b0 001\/2026<\/strong><\/h2>\n\n\n\n<figure class=\"wp-block-table alignfull\" style=\"font-size:12px\"><table><thead><tr><th class=\"has-text-align-center\" data-align=\"center\"><strong>Ordem<\/strong><\/th><th class=\"has-text-align-center\" data-align=\"center\"><strong>Etapas<\/strong><\/th><th class=\"has-text-align-center\" data-align=\"center\"><strong>Data<\/strong><\/th><th class=\"has-text-align-center\" data-align=\"center\"><strong>Descri\u00e7\u00e3o<\/strong><\/th><\/tr><\/thead><tbody><tr><td class=\"has-text-align-center\" data-align=\"center\">1.<\/td><td class=\"has-text-align-center\" data-align=\"center\">Recebimento de documenta\u00e7\u00e3o<\/td><td class=\"has-text-align-center\" data-align=\"center\"><strong><strong><strong><strong>14, 15, 16 e 17\/04\/2026<\/strong><\/strong><\/strong><\/strong><\/td><td class=\"has-text-align-center\" data-align=\"center\">Das 08h30 \u00e0s 11h30 e das 14h30 \u00e0s 17h30min<\/td><\/tr><tr><td class=\"has-text-align-center\" data-align=\"center\">2.<\/td><td class=\"has-text-align-center\" data-align=\"center\">Divulga\u00e7\u00e3o oficial das entidades &nbsp;aptas para o sorteio de 03 (tr\u00eas) lotes.<\/td><td class=\"has-text-align-center\" data-align=\"center\"><strong><strong>20\/04\/2026<\/strong><\/strong><\/td><td class=\"has-text-align-center\" data-align=\"center\">A partir das 15h:00min<\/td><\/tr><tr><td class=\"has-text-align-center\" data-align=\"center\">3.<\/td><td class=\"has-text-align-center\" data-align=\"center\">Divulga\u00e7\u00e3o das respostas das impugna\u00e7\u00f5es e\/ou recursos interpostos.<\/td><td class=\"has-text-align-center\" data-align=\"center\"><strong><strong>22\/04\/2026<\/strong><\/strong><\/td><td class=\"has-text-align-center\" data-align=\"center\">\u00c0s 09h:00min<\/td><\/tr><tr><td class=\"has-text-align-center\" data-align=\"center\">4.<\/td><td class=\"has-text-align-center\" data-align=\"center\">Sorteio presencial com os representantes oficiais das empresas aptas a participar.<br><strong>Local:<\/strong> Av. Major Williams, 2084 &#8211; S\u00e3o Francisco, CEP 69310-110, Boa Vista-RR<\/td><td class=\"has-text-align-center\" data-align=\"center\"><strong>23\/04\/2026<\/strong><\/td><td class=\"has-text-align-center\" data-align=\"center\">\u00c0s 09h00<\/td><\/tr><tr><td class=\"has-text-align-center\" data-align=\"center\">5.<\/td><td class=\"has-text-align-center\" data-align=\"center\">Retirada dos bens.<\/td><td class=\"has-text-align-center\" data-align=\"center\"><strong>27 e 28\/04\/2026<\/strong><\/td><td class=\"has-text-align-center\" data-align=\"center\">Das 08h30 \u00e0s 11h30 e das 14h30 \u00e0s 17h30<\/td><\/tr><\/tbody><\/table><\/figure>\n\n\n\n<div style=\"height:40px\" aria-hidden=\"true\" class=\"wp-block-spacer\"><\/div>\n\n\n\n<p class=\"has-black-color has-text-color has-small-font-size\">Fa\u00e7a o download das <a href=\"https:\/\/www.rr.senac.br\/portalsenac\/wp-content\/uploads\/2026\/04\/AVISO-DE-DIVULGACAO-DAS-ENTIDADES-HABILITADAS.pdf\">Entidades habilitadas<\/a>.<\/p>\n\n\n\n<p class=\"has-small-font-size\">Fa\u00e7a o download do <a href=\"https:\/\/www.rr.senac.br\/portalsenac\/wp-content\/uploads\/2026\/04\/EDITAL-DE-DOACAO-DE-BENS-PATRIMONIAS-No-001.2026.pdf\" target=\"_blank\" rel=\"noreferrer noopener\">Edital de doa\u00e7\u00e3o N\u00b0 001\/2026<\/a><\/p>\n\n\n\n<div style=\"height:40px\" aria-hidden=\"true\" class=\"wp-block-spacer\"><\/div>\n","protected":false},"excerpt":{"rendered":"<p>O SERVI\u00c7O NACIONAL DE APRENDIZAGEM COMERCIAL \u2013 Constitui objeto do presente Edital, a doa\u00e7\u00e3o de bens patrimoniais classificados como inserv\u00edveis e\/ou antiecon\u00f4mico, conforme rela\u00e7\u00e3o constante no ANEXO IV, organizados em lotes, conforme c\u00f3digo de contabilidade e or\u00e7amento (CODECO, 2025).. Poder\u00e3o participar do certame, quaisquer entidades&hellip; <a class=\"more-link\" href=\"https:\/\/www.rr.senac.br\/portalsenac\/edital-de-doacao-de-bens-n-001-2026\/\">Continuar lendo <span class=\"screen-reader-text\">Edital de doa\u00e7\u00e3o de bens N\u00b0 001\/2026<\/span><\/a><\/p>\n","protected":false},"author":4,"featured_media":0,"comment_status":"closed","ping_status":"closed","sticky":false,"template":"","format":"standard","meta":{"_jetpack_memberships_contains_paid_content":false,"_joinchat":[],"footnotes":""},"categories":[18],"tags":[],"class_list":["post-9295","post","type-post","status-publish","format-standard","hentry","category-editais-de-doacoes","entry"],"jetpack_featured_media_url":"","jetpack_sharing_enabled":true,"_links":{"self":[{"href":"https:\/\/www.rr.senac.br\/portalsenac\/wp-json\/wp\/v2\/posts\/9295","targetHints":{"allow":["GET"]}}],"collection":[{"href":"https:\/\/www.rr.senac.br\/portalsenac\/wp-json\/wp\/v2\/posts"}],"about":[{"href":"https:\/\/www.rr.senac.br\/portalsenac\/wp-json\/wp\/v2\/types\/post"}],"author":[{"embeddable":true,"href":"https:\/\/www.rr.senac.br\/portalsenac\/wp-json\/wp\/v2\/users\/4"}],"replies":[{"embeddable":true,"href":"https:\/\/www.rr.senac.br\/portalsenac\/wp-json\/wp\/v2\/comments?post=9295"}],"version-history":[{"count":2,"href":"https:\/\/www.rr.senac.br\/portalsenac\/wp-json\/wp\/v2\/posts\/9295\/revisions"}],"predecessor-version":[{"id":9302,"href":"https:\/\/www.rr.senac.br\/portalsenac\/wp-json\/wp\/v2\/posts\/9295\/revisions\/9302"}],"wp:attachment":[{"href":"https:\/\/www.rr.senac.br\/portalsenac\/wp-json\/wp\/v2\/media?parent=9295"}],"wp:term":[{"taxonomy":"category","embeddable":true,"href":"https:\/\/www.rr.senac.br\/portalsenac\/wp-json\/wp\/v2\/categories?post=9295"},{"taxonomy":"post_tag","embeddable":true,"href":"https:\/\/www.rr.senac.br\/portalsenac\/wp-json\/wp\/v2\/tags?post=9295"}],"curies":[{"name":"wp","href":"https:\/\/api.w.org\/{rel}","templated":true}]}}